[{"@context":"https:\/\/schema.org\/","@type":"Article","@id":"https:\/\/www.zucb.cz\/budte-moderni-a-in-nejen-v-obleceni-ale-i-v-bytovem-zarizeni\/#Article","mainEntityOfPage":"https:\/\/www.zucb.cz\/budte-moderni-a-in-nejen-v-obleceni-ale-i-v-bytovem-zarizeni\/","headline":"Bu\u010fte modern\u00ed a in nejen v oble\u010den\u00ed, ale i v bytov\u00e9m za\u0159\u00edzen\u00ed!","name":"Bu\u010fte modern\u00ed a in nejen v oble\u010den\u00ed, ale i v bytov\u00e9m za\u0159\u00edzen\u00ed!","description":"I na tuto sf\u00e9ru existuj\u00ed renomovan\u00ed odborn\u00edci, kte\u0159\u00ed disponuj\u00ed bohat\u00fdmi zku\u0161enostmi a dok\u00e1\u017e\u00ed V\u00e1m z Va\u0161eho pokoje nebo kancel\u00e1\u0159e ud\u011blat opravdu poh\u00e1dkov\u00e9 m\u00edsto, kter\u00e9 bude vypadat jako vyst\u0159i\u017een\u00e9 z katalogu o bydlen\u00ed! Poj\u010fte do toho s Mobiln\u00edm interi\u00e9rov\u00fdm studiem, kter\u00e9 svou pr\u00e1ci soust\u0159ed\u00ed na interi\u00e9ry Chrudim, Pardubice a kter\u00e9 ji\u017e dnes m\u00e1 spoustu spokojen\u00fdch klient\u016f,...","datePublished":"2023-06-13","dateModified":"2024-06-17","author":{"@type":"Person","@id":"https:\/\/www.zucb.cz\/author\/devene\/#Person","name":"devene","url":"https:\/\/www.zucb.cz\/author\/devene\/","identifier":1,"image":{"@type":"ImageObject","@id":"https:\/\/secure.gravatar.com\/avatar\/91506ed60e31abe586276a3e1420719df081581a820344a28fa2034bb1a2fe22?s=96&d=mm&r=g","url":"https:\/\/secure.gravatar.com\/avatar\/91506ed60e31abe586276a3e1420719df081581a820344a28fa2034bb1a2fe22?s=96&d=mm&r=g","height":96,"width":96}},"publisher":{"@type":"Organization","name":"zucb.cz","logo":{"@type":"ImageObject","@id":"\/logo.png","url":"\/logo.png","width":600,"height":60}},"url":"https:\/\/www.zucb.cz\/budte-moderni-a-in-nejen-v-obleceni-ale-i-v-bytovem-zarizeni\/","wordCount":217,"articleBody":"I na tuto sf\u00e9ru existuj\u00ed renomovan\u00ed odborn\u00edci, kte\u0159\u00ed disponuj\u00ed bohat\u00fdmi zku\u0161enostmi a dok\u00e1\u017e\u00ed V\u00e1m z Va\u0161eho pokoje nebo kancel\u00e1\u0159e ud\u011blat opravdu poh\u00e1dkov\u00e9 m\u00edsto, kter\u00e9 bude vypadat jako vyst\u0159i\u017een\u00e9 z katalogu o bydlen\u00ed! Poj\u010fte do toho s Mobiln\u00edm interi\u00e9rov\u00fdm studiem, kter\u00e9 svou pr\u00e1ci soust\u0159ed\u00ed na interi\u00e9ry Chrudim, Pardubice a kter\u00e9 ji\u017e dnes m\u00e1 spoustu spokojen\u00fdch klient\u016f, pro kter\u00e9 pracovalo. M\u016f\u017eete si to ov\u011b\u0159it na jejich interi\u00e9rov\u00fdch str\u00e1nk\u00e1ch, kde se dozv\u00edte dal\u0161\u00ed zaj\u00edmav\u00e9 informace.P\u0159edstava ide\u00e1ln\u00edho a modern\u00edho p\u0159\u00edbytku ji\u017e nemus\u00ed b\u00fdt jen snem, zahalen\u00fdm mlhou!\u00dapln\u011b sta\u010d\u00ed, kdy\u017e v\u00edte, na koho se v t\u00e9to v\u011bci obr\u00e1tit a kdo V\u00e1m to ud\u011bl\u00e1 za dostupnou a v\u00fdhodnou cenu. A t\u00edm je Mobiln\u00ed interi\u00e9rov\u00e9 studio, je\u017e se soust\u0159ed\u00ed na interi\u00e9ry Chrudim, Pardubice a jejich za\u0159izov\u00e1n\u00ed. Nebu\u010fte pozadu a sv\u011b\u0159te se do rukou n\u011bkoho, kdo v tom um\u00ed n\u011bjakou dobu chodit, tak\u017ee neud\u011bl\u00e1 chybn\u00fd krok. Modern\u011b si m\u016f\u017eete nechat za\u0159\u00eddit nejen dom\u00e1cnost, ale nap\u0159\u00edklad i kancel\u00e1\u0159, kterou jste si pr\u00e1v\u011b pronajmuli.                                                                                                                                                                                                                                                                                                                                                                                        4.4\/5 - (13 votes)        "},{"@context":"https:\/\/schema.org\/","@type":"BreadcrumbList","itemListElement":[{"@type":"ListItem","position":1,"name":"Bu\u010fte modern\u00ed a in nejen v oble\u010den\u00ed, ale i v bytov\u00e9m za\u0159\u00edzen\u00ed!","item":"https:\/\/www.zucb.cz\/budte-moderni-a-in-nejen-v-obleceni-ale-i-v-bytovem-zarizeni\/#breadcrumbitem"}]}]