[{"@context":"https:\/\/schema.org\/","@type":"Article","@id":"https:\/\/www.zucb.cz\/vyberte-si-tu-pravou-sedaci-soupravu\/#Article","mainEntityOfPage":"https:\/\/www.zucb.cz\/vyberte-si-tu-pravou-sedaci-soupravu\/","headline":"Vyberte si tu pravou sedac\u00ed soupravu","name":"Vyberte si tu pravou sedac\u00ed soupravu","description":"P\u0159i v\u00fdb\u011bru sedac\u00edch souprav je t\u0159eba db\u00e1t na velk\u00e9 mno\u017estv\u00ed v\u011bc\u00ed a nem\u011bli bychom zapom\u00ednat na velmi d\u016fle\u017eit\u00e9 v\u011bci. Nad v\u00fdb\u011brem takov\u00e9ho kusu n\u00e1bytku by se ka\u017ed\u00fd m\u011bl opravdu solidn\u011b zamyslet. Z\u00e1le\u017e\u00ed toti\u017e na tom, do jak\u00e9 m\u00edstnosti ho chcete pou\u017e\u00edt a jak moc bude vyt\u011b\u017eov\u00e1n. Pokud chcete tento kus n\u00e1bytku pou\u017e\u00edt t\u0159eba do ob\u00fdvac\u00edho...","datePublished":"2025-01-06","dateModified":"2025-01-06","author":{"@type":"Person","@id":"https:\/\/www.zucb.cz\/author\/devene\/#Person","name":"devene","url":"https:\/\/www.zucb.cz\/author\/devene\/","identifier":1,"image":{"@type":"ImageObject","@id":"https:\/\/secure.gravatar.com\/avatar\/91506ed60e31abe586276a3e1420719df081581a820344a28fa2034bb1a2fe22?s=96&d=mm&r=g","url":"https:\/\/secure.gravatar.com\/avatar\/91506ed60e31abe586276a3e1420719df081581a820344a28fa2034bb1a2fe22?s=96&d=mm&r=g","height":96,"width":96}},"publisher":{"@type":"Organization","name":"zucb.cz","logo":{"@type":"ImageObject","@id":"\/logo.png","url":"\/logo.png","width":600,"height":60}},"url":"https:\/\/www.zucb.cz\/vyberte-si-tu-pravou-sedaci-soupravu\/","wordCount":253,"articleBody":"P\u0159i v\u00fdb\u011bru sedac\u00edch souprav je t\u0159eba db\u00e1t na velk\u00e9 mno\u017estv\u00ed v\u011bc\u00ed a nem\u011bli bychom zapom\u00ednat na velmi d\u016fle\u017eit\u00e9 v\u011bci. Nad v\u00fdb\u011brem takov\u00e9ho kusu n\u00e1bytku by se ka\u017ed\u00fd m\u011bl opravdu solidn\u011b zamyslet. Z\u00e1le\u017e\u00ed toti\u017e na tom, do jak\u00e9 m\u00edstnosti ho chcete pou\u017e\u00edt a jak moc bude vyt\u011b\u017eov\u00e1n. Pokud chcete tento kus n\u00e1bytku pou\u017e\u00edt t\u0159eba do ob\u00fdvac\u00edho pokoje, kde je tak\u00e9 nej\u010dast\u011bji vyu\u017e\u00edv\u00e1n, mus\u00edte db\u00e1t na to, aby poskytl dostatek prostoru a pohodl\u00ed ka\u017ed\u00e9mu \u010dlenovi Va\u0161\u00ed dom\u00e1cnosti. Nejde ov\u0161em pouze o prakti\u010dnost, ale je pot\u0159eba db\u00e1t tak\u00e9 na vzhled. Myslete i na celkov\u00fd vzhled Vzhled je toti\u017e taky velmi d\u016fle\u017eit\u00fd p\u0159i za\u0159izov\u00e1n\u00ed n\u011bjak\u00e9 m\u00edstnosti. Nikdo si p\u0159eci nevybere n\u00e1bytek, kter\u00fd se mu nel\u00edb\u00ed nebo se nehod\u00ed k ostatn\u00edmu vybaven\u00ed. A pr\u00e1v\u011b z toho d\u016fvodu se sna\u017e\u00edme nab\u00edzet \u0161irokou \u0161k\u00e1lu zbo\u017e\u00ed r\u016fzn\u00fdch barev, tvar\u016f \u010di velikost\u00ed, aby si v na\u0161\u00ed nab\u00eddce mohl ka\u017ed\u00fd naj\u00edt to, co se bude hodit k n\u011bmu dom\u016f. V\u0161e m\u016f\u017eete vyb\u00edrat z pohodl\u00ed Va\u0161eho domova, tak\u017ee nemus\u00edte \u0159e\u0161it osobn\u00ed n\u00e1v\u0161t\u011bvu obchodu, kter\u00e1 by mohla b\u00fdt pro mnoho jedinc\u016f z \u010dasov\u00fdch d\u016fvod\u016f probl\u00e9mem.                                                                                                                                                                                                                                                                                                                                                                                        4.3\/5 - (3 votes)        "},{"@context":"https:\/\/schema.org\/","@type":"BreadcrumbList","itemListElement":[{"@type":"ListItem","position":1,"name":"Vyberte si tu pravou sedac\u00ed soupravu","item":"https:\/\/www.zucb.cz\/vyberte-si-tu-pravou-sedaci-soupravu\/#breadcrumbitem"}]}]